{"id":7276,"date":"2023-06-24T15:21:00","date_gmt":"2023-06-24T19:21:00","guid":{"rendered":"https:\/\/arrimagedom.org\/?p=7276"},"modified":"2025-12-10T23:07:34","modified_gmt":"2025-12-11T03:07:34","slug":"meet-felie-line-lucol-an-outstanding-artist-and-activist","status":"publish","type":"post","link":"https:\/\/arrimagedom.org\/en\/actus\/rencontre-avec-felie-line-lucol-une-artiste-activiste-hors-norme\/","title":{"rendered":"Meet Felie Line LUCOL, an outstanding artist and activist"},"content":{"rendered":"<figure class=\"wp-block-image aligncenter size-full is-resized\"><img loading=\"lazy\" decoding=\"async\" width=\"495\" height=\"494\" src=\"https:\/\/arrimagedom.org\/wp-content\/uploads\/image-5.png\" alt=\"\" class=\"wp-image-7277\" style=\"width:324px;height:auto\" srcset=\"https:\/\/arrimagedom.org\/wp-content\/uploads\/image-5.png 495w, https:\/\/arrimagedom.org\/wp-content\/uploads\/image-5-480x479.png 480w\" sizes=\"(min-width: 0px) and (max-width: 480px) 480px, (min-width: 481px) 495px, 100vw\" \/><\/figure>\n\n\n\n<p>As part of the MIca project, we feature portraits of women committed to the circular economy. Today, F\u00e9lie Line LUCOL, an activist artist and eco-citizen extraordinaire, welcomed us into her artist's home, entirely decorated with recycled works of art. .<\/p>\n\n\n\n<p>Spotlight on an exceptional woman&nbsp;&nbsp;<a href=\"https:\/\/www.instagram.com\/felielinelucol\/\">Felie Line Lucol (@felielinelucol) - Instagram photos and videos<\/a>&nbsp;<\/p>\n\n\n\n<p>Mica is a project co-financed by Erasmus +.<\/p>","protected":false},"excerpt":{"rendered":"<p>Dans le cadre du projet MIca nous mettons en avant des portraits de femmes engag\u00e9es dans l\u2019\u00e9conomie circulaire. Aujourd\u2019hui, F\u00e9lie Line LUCOL,\u00a0 une artiste\u00a0 activiste\u00a0 et \u00e9cocitoyenne\u00a0 hors norme\u00a0 nous a accueillie\u00a0 dans sa\u00a0 maison d\u2019artiste enti\u00e8rement d\u00e9cor\u00e9e d\u2019\u0153uvres\u00a0 d\u2019art\u00a0 recycl\u00e9s . Pleins feux&nbsp; sur une femme d\u2019exception&nbsp;&nbsp;Felie Line Lucol (@felielinelucol) \u2022 Photos et vid\u00e9os [&hellip;]<\/p>\n","protected":false},"author":2,"featured_media":7277,"comment_status":"closed","ping_status":"closed","sticky":false,"template":"","format":"standard","meta":{"_et_pb_use_builder":"","_et_pb_old_content":"","_et_gb_content_width":"","inline_featured_image":false,"footnotes":""},"categories":[61],"tags":[],"class_list":["post-7276","post","type-post","status-publish","format-standard","has-post-thumbnail","hentry","category-actus"],"acf":[],"_links":{"self":[{"href":"https:\/\/arrimagedom.org\/en\/wp-json\/wp\/v2\/posts\/7276","targetHints":{"allow":["GET"]}}],"collection":[{"href":"https:\/\/arrimagedom.org\/en\/wp-json\/wp\/v2\/posts"}],"about":[{"href":"https:\/\/arrimagedom.org\/en\/wp-json\/wp\/v2\/types\/post"}],"author":[{"embeddable":true,"href":"https:\/\/arrimagedom.org\/en\/wp-json\/wp\/v2\/users\/2"}],"replies":[{"embeddable":true,"href":"https:\/\/arrimagedom.org\/en\/wp-json\/wp\/v2\/comments?post=7276"}],"version-history":[{"count":4,"href":"https:\/\/arrimagedom.org\/en\/wp-json\/wp\/v2\/posts\/7276\/revisions"}],"predecessor-version":[{"id":7638,"href":"https:\/\/arrimagedom.org\/en\/wp-json\/wp\/v2\/posts\/7276\/revisions\/7638"}],"wp:featuredmedia":[{"embeddable":true,"href":"https:\/\/arrimagedom.org\/en\/wp-json\/wp\/v2\/media\/7277"}],"wp:attachment":[{"href":"https:\/\/arrimagedom.org\/en\/wp-json\/wp\/v2\/media?parent=7276"}],"wp:term":[{"taxonomy":"category","embeddable":true,"href":"https:\/\/arrimagedom.org\/en\/wp-json\/wp\/v2\/categories?post=7276"},{"taxonomy":"post_tag","embeddable":true,"href":"https:\/\/arrimagedom.org\/en\/wp-json\/wp\/v2\/tags?post=7276"}],"curies":[{"name":"wp","href":"https:\/\/api.w.org\/{rel}","templated":true}]}}