{"id":6869,"date":"2017-07-24T11:02:00","date_gmt":"2017-07-24T15:02:00","guid":{"rendered":"https:\/\/arrimagedom.org\/?p=6869"},"modified":"2025-12-10T23:01:50","modified_gmt":"2025-12-11T03:01:50","slug":"meytic","status":"publish","type":"post","link":"https:\/\/arrimagedom.org\/en\/projets-arrimage\/meytic\/","title":{"rendered":"MEYTIC: Mobilise the European Youth for citizenship and democracy"},"content":{"rendered":"<figure class=\"wp-block-image aligncenter size-full\"><img loading=\"lazy\" decoding=\"async\" width=\"221\" height=\"228\" src=\"https:\/\/arrimagedom.org\/wp-content\/uploads\/image-16.png\" alt=\"\" class=\"wp-image-7630\" srcset=\"https:\/\/arrimagedom.org\/wp-content\/uploads\/image-16.png 221w, https:\/\/arrimagedom.org\/wp-content\/uploads\/image-16-12x12.png 12w\" sizes=\"(max-width: 221px) 100vw, 221px\" \/><\/figure>\n\n\n\n<div style=\"height:42px\" aria-hidden=\"true\" class=\"wp-block-spacer\"><\/div>\n\n\n\n<p>The aim of the MEYTIC project is to bring together youth organizations from island and mainland regions, in order to exchange ideas on perceptions and feelings of belonging to Europe, as well as best practices in citizenship and participatory democracy, through educational and cultural activities.<\/p>\n\n\n\n<p><br>To arouse the interest and encourage the involvement of young people who are indifferent or even reject Europe because of their geographical distance and\/or their precarious social and economic situation. The project partners are keen to experiment with creative ideas, using interaction methods and educational and entertaining activities on European topics of interest to young people. To this end, the use of creative and attractive modes of interaction such as<br>podcasts, radio, game shows, speed dating with young elected representatives during open days, \u00abdemokratiks\u00bb forums and competitions.<\/p>\n\n\n\n<div style=\"height:42px\" aria-hidden=\"true\" class=\"wp-block-spacer\"><\/div>\n\n\n\n<h2 class=\"wp-block-heading has-vivid-cyan-blue-color has-text-color has-link-color wp-elements-7c4fbd7ec4cfcc11542e316d8d2ac28c\"><strong>Objectives<\/strong><\/h2>\n\n\n\n<ul class=\"wp-block-list\">\n<li>Promote European citizenship and improve the conditions for civic and democratic participation in the Union of European Island Regions,<\/li>\n\n\n\n<li>Encourage the democratic and civic participation of citizens at EU level, by promoting opportunities for societal, intercultural and voluntary engagement at EU level between young people from Europe's island regions and their counterparts in mainland regions.<\/li>\n<\/ul>\n\n\n\n<div style=\"height:42px\" aria-hidden=\"true\" class=\"wp-block-spacer\"><\/div>\n\n\n\n<h2 class=\"wp-block-heading has-vivid-cyan-blue-color has-text-color has-link-color wp-elements-5761e34aa764be1face3d458e280a6cd\"><strong>Partners<\/strong><\/h2>\n\n\n\n<div class=\"wp-block-columns is-layout-flex wp-container-core-columns-is-layout-9d6595d7 wp-block-columns-is-layout-flex\">\n<div class=\"wp-block-column is-layout-flow wp-block-column-is-layout-flow\">\n<figure class=\"wp-block-image aligncenter size-full\"><img loading=\"lazy\" decoding=\"async\" width=\"204\" height=\"192\" src=\"https:\/\/arrimagedom.org\/wp-content\/uploads\/image-17.jpeg\" alt=\"\" class=\"wp-image-7632\" srcset=\"https:\/\/arrimagedom.org\/wp-content\/uploads\/image-17.jpeg 204w, https:\/\/arrimagedom.org\/wp-content\/uploads\/image-17-13x12.jpeg 13w\" sizes=\"(max-width: 204px) 100vw, 204px\" \/><\/figure>\n<\/div>\n\n\n\n<div class=\"wp-block-column is-layout-flow wp-block-column-is-layout-flow\">\n<figure class=\"wp-block-image aligncenter size-full\"><img loading=\"lazy\" decoding=\"async\" width=\"538\" height=\"408\" src=\"https:\/\/arrimagedom.org\/wp-content\/uploads\/image-18.jpeg\" alt=\"\" class=\"wp-image-7633\" srcset=\"https:\/\/arrimagedom.org\/wp-content\/uploads\/image-18.jpeg 538w, https:\/\/arrimagedom.org\/wp-content\/uploads\/image-18-480x364.jpeg 480w\" sizes=\"(min-width: 0px) and (max-width: 480px) 480px, (min-width: 481px) 538px, 100vw\" \/><\/figure>\n<\/div>\n<\/div>\n\n\n\n<h2 class=\"wp-block-heading has-vivid-cyan-blue-color has-text-color has-link-color wp-elements-34acf92aa115c55a31aeae241c10ab69\"><strong>Activities<\/strong><\/h2>\n\n\n\n<p>Project activities were organized around four transnational events, relayed by local events in each partner territory. During these transnational events, the partner organizations were able to present their views and take part in debates on issues linked to their sense of belonging to Europe, by taking part in events and meetings with a large audience, such as :<\/p>\n\n\n\n<ul class=\"wp-block-list\">\n<li><strong>The World Democracy Forum in France<\/strong>&nbsp;on the theme \u00abMy city, my Europe\u00bb.\u00bb<\/li>\n\n\n\n<li><strong> European Local Democracy Week<\/strong>&nbsp;- ELDW on the theme: \u2018Culture transforms people into better citizens\u00bb<\/li>\n\n\n\n<li><strong>Transnational conferences<\/strong>&nbsp;on the theme \u00abFrom European citizenship to political citizenship\u00bb.<\/li>\n\n\n\n<li><strong>International Youth Festival<\/strong>&nbsp;on the theme of \u00abNew forms of participatory democracy versus e-democracy\u00bb.<\/li>\n<\/ul>\n\n\n\n<p>This project is co-financed by the <a href=\"https:\/\/europepourlescitoyens.org\/les-exemples-de-bonnes-pratiques\/meytic\/\">Europe for citizens<\/a> <\/p>\n\n\n\n<div style=\"height:42px\" aria-hidden=\"true\" class=\"wp-block-spacer\"><\/div>\n\n\n\n<figure class=\"wp-block-image aligncenter size-full\"><img loading=\"lazy\" decoding=\"async\" width=\"522\" height=\"96\" src=\"https:\/\/arrimagedom.org\/wp-content\/uploads\/image-19.jpeg\" alt=\"\" class=\"wp-image-7634\" srcset=\"https:\/\/arrimagedom.org\/wp-content\/uploads\/image-19.jpeg 522w, https:\/\/arrimagedom.org\/wp-content\/uploads\/image-19-480x88.jpeg 480w\" sizes=\"(min-width: 0px) and (max-width: 480px) 480px, (min-width: 481px) 522px, 100vw\" \/><\/figure>","protected":false},"excerpt":{"rendered":"<p>Le projet MEYTIC a pour but de mettre en relation les structures de jeunesse des r\u00e9gions insulaires et celles des r\u00e9gions continentales afin d\u2019une part, d\u2019\u00e9changer sur les perceptions et le sentiment d\u2019appartenance \u00e0 l\u2019Europe et d\u2019autre part, sur les bonnes pratiques en mati\u00e8re de citoyennet\u00e9 et de d\u00e9mocratie participative \u00e0 travers des activit\u00e9s p\u00e9dagogiques [&hellip;]<\/p>\n","protected":false},"author":2,"featured_media":2762,"comment_status":"closed","ping_status":"closed","sticky":false,"template":"","format":"standard","meta":{"_et_pb_use_builder":"","_et_pb_old_content":"","_et_gb_content_width":"","inline_featured_image":false,"footnotes":""},"categories":[133],"tags":[],"class_list":["post-6869","post","type-post","status-publish","format-standard","has-post-thumbnail","hentry","category-projets-arrimage"],"acf":[],"_links":{"self":[{"href":"https:\/\/arrimagedom.org\/en\/wp-json\/wp\/v2\/posts\/6869","targetHints":{"allow":["GET"]}}],"collection":[{"href":"https:\/\/arrimagedom.org\/en\/wp-json\/wp\/v2\/posts"}],"about":[{"href":"https:\/\/arrimagedom.org\/en\/wp-json\/wp\/v2\/types\/post"}],"author":[{"embeddable":true,"href":"https:\/\/arrimagedom.org\/en\/wp-json\/wp\/v2\/users\/2"}],"replies":[{"embeddable":true,"href":"https:\/\/arrimagedom.org\/en\/wp-json\/wp\/v2\/comments?post=6869"}],"version-history":[{"count":3,"href":"https:\/\/arrimagedom.org\/en\/wp-json\/wp\/v2\/posts\/6869\/revisions"}],"predecessor-version":[{"id":7635,"href":"https:\/\/arrimagedom.org\/en\/wp-json\/wp\/v2\/posts\/6869\/revisions\/7635"}],"wp:featuredmedia":[{"embeddable":true,"href":"https:\/\/arrimagedom.org\/en\/wp-json\/wp\/v2\/media\/2762"}],"wp:attachment":[{"href":"https:\/\/arrimagedom.org\/en\/wp-json\/wp\/v2\/media?parent=6869"}],"wp:term":[{"taxonomy":"category","embeddable":true,"href":"https:\/\/arrimagedom.org\/en\/wp-json\/wp\/v2\/categories?post=6869"},{"taxonomy":"post_tag","embeddable":true,"href":"https:\/\/arrimagedom.org\/en\/wp-json\/wp\/v2\/tags?post=6869"}],"curies":[{"name":"wp","href":"https:\/\/api.w.org\/{rel}","templated":true}]}}