{"id":2984,"date":"2025-09-28T12:04:25","date_gmt":"2025-09-28T16:04:25","guid":{"rendered":"https:\/\/arrimagedom.org\/?p=2984"},"modified":"2026-02-06T09:53:41","modified_gmt":"2026-02-06T13:53:41","slug":"mon-ile-mon-territoire-je-mengage","status":"publish","type":"post","link":"https:\/\/arrimagedom.org\/en\/projets-arrimage\/mon-ile-mon-territoire-je-mengage\/","title":{"rendered":"My island, my territory, I'm committed!"},"content":{"rendered":"<figure class=\"wp-block-image aligncenter size-full\"><img loading=\"lazy\" decoding=\"async\" width=\"160\" height=\"160\" src=\"https:\/\/arrimagedom.org\/wp-content\/uploads\/image-9.jpeg\" alt=\"\" class=\"wp-image-7583\" srcset=\"https:\/\/arrimagedom.org\/wp-content\/uploads\/image-9.jpeg 160w, https:\/\/arrimagedom.org\/wp-content\/uploads\/image-9-150x150.jpeg 150w, https:\/\/arrimagedom.org\/wp-content\/uploads\/image-9-12x12.jpeg 12w\" sizes=\"(max-width: 160px) 100vw, 160px\" \/><\/figure>\n\n\n\n<div style=\"height:24px\" aria-hidden=\"true\" class=\"wp-block-spacer\"><\/div>\n\n\n\n<figure class=\"wp-block-image aligncenter\"><img loading=\"lazy\" decoding=\"async\" width=\"1024\" height=\"426\" src=\"https:\/\/arrimagedom.org\/wp-content\/uploads\/mon_ile_territoire.jpg\" alt=\"\" class=\"wp-image-3067\" srcset=\"https:\/\/arrimagedom.org\/wp-content\/uploads\/mon_ile_territoire.jpg 1024w, https:\/\/arrimagedom.org\/wp-content\/uploads\/mon_ile_territoire-980x408.jpg 980w, https:\/\/arrimagedom.org\/wp-content\/uploads\/mon_ile_territoire-480x200.jpg 480w\" sizes=\"(min-width: 0px) and (max-width: 480px) 480px, (min-width: 481px) and (max-width: 980px) 980px, (min-width: 981px) 1024px, 100vw\" \/><\/figure>\n\n\n\n<div style=\"height:39px\" aria-hidden=\"true\" class=\"wp-block-spacer\"><\/div>\n\n\n\n<p>\u00abMon \u00eele, mon territoire #je m'engage!\u00bb is a pilot project in Guadeloupe that aims to support and guide young Guadeloupeans under the age of 30, through an innovative scheme, towards the creation and development of companies\/activities within the Social and Solidarity Economy (SSE).&nbsp;<br>In the post-Covid period, this innovative initiative is intended to be an alternative response to unemployment and job insecurity among young people in our region, while offering them the opportunity to develop social and solidarity-based activities to meet tomorrow's societal and environmental needs.<\/p>\n\n\n\n<div style=\"height:39px\" aria-hidden=\"true\" class=\"wp-block-spacer\"><\/div>\n\n\n\n<h2 class=\"wp-block-heading has-vivid-cyan-blue-color has-text-color has-link-color wp-elements-0fa9bd6088ec542669ac65c93c4a8f72\"><strong>Objectives&nbsp;<\/strong><\/h2>\n\n\n\n<ul class=\"wp-block-list\">\n<li>Supporting and accompanying <em>innovative initiatives and SSE-related projects*. <\/em>of NEET young people under 30 <em>with personalized support to bring your projects to fruition and financial backing of up to \u20ac5,000. <\/em>&nbsp;<\/li>\n\n\n\n<li>Facilitating the creation and development of activities in the Social and Solidarity Economy by young people&nbsp;<\/li>\n\n\n\n<li>Reinforce the commitment of young Guadeloupeans to issues linked to the Social Solidarity Economy.<\/li>\n<\/ul>\n\n\n\n<div style=\"height:39px\" aria-hidden=\"true\" class=\"wp-block-spacer\"><\/div>\n\n\n\n<h2 class=\"wp-block-heading has-vivid-cyan-blue-color has-text-color has-link-color wp-elements-ac4dccd239d2d1f74b1bb60d0606627d\"><strong>Partners&nbsp;<\/strong><\/h2>\n\n\n\n<div style=\"height:39px\" aria-hidden=\"true\" class=\"wp-block-spacer\"><\/div>\n\n\n\n<div class=\"wp-block-columns alignfull is-layout-flex wp-container-core-columns-is-layout-9d6595d7 wp-block-columns-is-layout-flex\">\n<div class=\"wp-block-column is-layout-flow wp-block-column-is-layout-flow\">\n<figure class=\"wp-block-image size-large\"><img loading=\"lazy\" decoding=\"async\" width=\"1024\" height=\"707\" src=\"https:\/\/arrimagedom.org\/wp-content\/uploads\/image-8-1024x707.png\" alt=\"\" class=\"wp-image-7584\" srcset=\"https:\/\/arrimagedom.org\/wp-content\/uploads\/image-8-1024x707.png 1024w, https:\/\/arrimagedom.org\/wp-content\/uploads\/image-8-980x677.png 980w, https:\/\/arrimagedom.org\/wp-content\/uploads\/image-8-480x332.png 480w\" sizes=\"(min-width: 0px) and (max-width: 480px) 480px, (min-width: 481px) and (max-width: 980px) 980px, (min-width: 981px) 1024px, 100vw\" \/><\/figure>\n<\/div>\n\n\n\n<div class=\"wp-block-column is-layout-flow wp-block-column-is-layout-flow\">\n<figure class=\"wp-block-image size-full\"><img loading=\"lazy\" decoding=\"async\" width=\"1006\" height=\"994\" src=\"https:\/\/arrimagedom.org\/wp-content\/uploads\/image-9.png\" alt=\"\" class=\"wp-image-7585\" srcset=\"https:\/\/arrimagedom.org\/wp-content\/uploads\/image-9.png 1006w, https:\/\/arrimagedom.org\/wp-content\/uploads\/image-9-980x968.png 980w, https:\/\/arrimagedom.org\/wp-content\/uploads\/image-9-480x474.png 480w\" sizes=\"(min-width: 0px) and (max-width: 480px) 480px, (min-width: 481px) and (max-width: 980px) 980px, (min-width: 981px) 1006px, 100vw\" \/><\/figure>\n<\/div>\n\n\n\n<div class=\"wp-block-column is-layout-flow wp-block-column-is-layout-flow\">\n<figure class=\"wp-block-image size-large\"><img loading=\"lazy\" decoding=\"async\" width=\"1024\" height=\"792\" src=\"https:\/\/arrimagedom.org\/wp-content\/uploads\/image-10-1024x792.png\" alt=\"\" class=\"wp-image-7586\" srcset=\"https:\/\/arrimagedom.org\/wp-content\/uploads\/image-10-1024x792.png 1024w, https:\/\/arrimagedom.org\/wp-content\/uploads\/image-10-980x758.png 980w, https:\/\/arrimagedom.org\/wp-content\/uploads\/image-10-480x371.png 480w\" sizes=\"(min-width: 0px) and (max-width: 480px) 480px, (min-width: 481px) and (max-width: 980px) 980px, (min-width: 981px) 1024px, 100vw\" \/><\/figure>\n<\/div>\n\n\n\n<div class=\"wp-block-column is-layout-flow wp-block-column-is-layout-flow\">\n<figure class=\"wp-block-image size-full\"><img loading=\"lazy\" decoding=\"async\" width=\"160\" height=\"211\" src=\"https:\/\/arrimagedom.org\/wp-content\/uploads\/image-10.jpeg\" alt=\"\" class=\"wp-image-7587\" srcset=\"https:\/\/arrimagedom.org\/wp-content\/uploads\/image-10.jpeg 160w, https:\/\/arrimagedom.org\/wp-content\/uploads\/image-10-9x12.jpeg 9w\" sizes=\"(max-width: 160px) 100vw, 160px\" \/><\/figure>\n<\/div>\n\n\n\n<div class=\"wp-block-column is-layout-flow wp-block-column-is-layout-flow\">\n<figure class=\"wp-block-image size-full\"><img loading=\"lazy\" decoding=\"async\" width=\"220\" height=\"211\" src=\"https:\/\/arrimagedom.org\/wp-content\/uploads\/image-11.jpeg\" alt=\"\" class=\"wp-image-7588\" srcset=\"https:\/\/arrimagedom.org\/wp-content\/uploads\/image-11.jpeg 220w, https:\/\/arrimagedom.org\/wp-content\/uploads\/image-11-13x12.jpeg 13w\" sizes=\"(max-width: 220px) 100vw, 220px\" \/><\/figure>\n<\/div>\n<\/div>\n\n\n\n<div style=\"height:39px\" aria-hidden=\"true\" class=\"wp-block-spacer\"><\/div>\n\n\n\n<h2 class=\"wp-block-heading has-vivid-cyan-blue-color has-text-color has-link-color wp-elements-cb7120fc9070e26d3927e071556f0a5d\"><strong>Activities<\/strong> headlights<\/h2>\n\n\n\n<div style=\"height:39px\" aria-hidden=\"true\" class=\"wp-block-spacer\"><\/div>\n\n\n\n<p class=\"has-text-align-left\"><strong>Flagship action 1 - Identifying young NEET under 30 with SSE projects&nbsp;<\/strong><\/p>\n\n\n\n<ul class=\"wp-block-list\">\n<li>Launch of the regional competition \u00abMon \u00eele, mon territoire # je m'engage!\u00bb&nbsp;<\/li>\n<\/ul>\n\n\n\n<ul class=\"wp-block-list\">\n<li>Information workshops (Cit\u00e9 des m\u00e9tiers, CRIJ Guadeloupe, ER2C, community centers, etc.)&nbsp;<\/li>\n<\/ul>\n\n\n\n<ul class=\"wp-block-list\">\n<li>A multi-channel communication campaign is being launched on social networks and traditional media, focusing on the objectives and results of the \u00abMon \u00eele, mon territoire # je m'engage!\u00bb support scheme. .<\/li>\n<\/ul>\n\n\n\n<p><strong>Flagship action 2 - Social incubator&nbsp;<\/strong><\/p>\n\n\n\n<ul class=\"wp-block-list\">\n<li>Training and support for 20 young NEET project leaders under 30 living in Guadeloupe enrolled in the scheme.&nbsp;<\/li>\n<\/ul>\n\n\n\n<ul class=\"wp-block-list\">\n<li>Theoretical &amp; practical training on SSE entrepreneurship&nbsp;<\/li>\n<\/ul>\n\n\n\n<ul class=\"wp-block-list\">\n<li>Work placements in a local SSE company and a European company<strong> <\/strong>(Germany, Ireland, Denmark, Portugal)&nbsp;<\/li>\n<\/ul>\n\n\n\n<div style=\"height:39px\" aria-hidden=\"true\" class=\"wp-block-spacer\"><\/div>\n\n\n\n<h2 class=\"wp-block-heading has-vivid-cyan-blue-color has-text-color has-link-color wp-elements-a51f55c8f427e98abfe59f2787dc6229\"><strong>Results<\/strong><\/h2>\n\n\n\n<div style=\"height:39px\" aria-hidden=\"true\" class=\"wp-block-spacer\"><\/div>\n\n\n\n<ul class=\"wp-block-list\">\n<li>30 young entrepreneurs received theoretical and practical training in the fundamentals of entrepreneurship<\/li>\n<\/ul>\n\n\n\n<ul class=\"wp-block-list\">\n<li>10 young people benefited from entrepreneurship support, including professional and personal coaching (see list of projects).&nbsp;<\/li>\n<\/ul>\n\n\n\n<ul class=\"wp-block-list\">\n<li>The winning projects : <strong><a href=\"https:\/\/www.instagram.com\/depoze.gp\/reel\/C98E2Y9Rro-\/\"><em>Depoze<\/em><\/a> <\/strong>and <a href=\"https:\/\/www.instagram.com\/kaloohostel\/\"><strong><em>Kaloo Hostel | L'Auberge de jeunesse \u00e0 Sainte-Anne (@kaloohostel) - Instagram photos and videos<\/em><\/strong><\/a> are part of the 1st promotion of the project \u00abMon ile, mon territoire # je m'engage! We congratulate them!<\/li>\n<\/ul>\n\n\n\n<div style=\"height:39px\" aria-hidden=\"true\" class=\"wp-block-spacer\"><\/div>\n\n\n\n<h2 class=\"wp-block-heading has-vivid-cyan-blue-color has-text-color has-link-color wp-elements-e2dc52f7e495e28ba657807eeb4b295c\"><strong>Read more<\/strong><\/h2>\n\n\n\n<div style=\"height:39px\" aria-hidden=\"true\" class=\"wp-block-spacer\"><\/div>\n\n\n\n<ul class=\"wp-block-list\">\n<li><a href=\"https:\/\/www.instagram.com\/monilemonterritoire_\/\">Contestmon\u00eelemonterritoire_ (@monilemonterritoire_) - Instagram photos and videos<\/a><\/li>\n\n\n\n<li><a href=\"https:\/\/www.youtube.com\/@monilemonterritoire1577?app=desktop\">(120) Mon \u00eele Mon territoire - YouTube<\/a><\/li>\n\n\n\n<li><a href=\"https:\/\/www.ewag.fr\/articles\/concours-mon-ile-mon-territoire-je-mengage\/\">1st edition of the competition \u00abMon \u00eele, mon territoire # je m'engage!\u00bb | EWAG<\/a><\/li>\n<\/ul>","protected":false},"excerpt":{"rendered":"<p>\u00ab&nbsp;Mon \u00eele, mon territoire #je m\u2019engage&nbsp;!&nbsp;\u00bb est un projet pilote en Guadeloupe&nbsp; qui vise \u00e0 soutenir&nbsp; et accompagner, dans le cadre d\u2019un dispositif innovant, des jeunes&nbsp; guadeloup\u00e9ens \u00e2g\u00e9s de moins de 30 ans&nbsp; vers la cr\u00e9ation et le d\u00e9veloppement d\u2019entreprises \/activit\u00e9s relevant de l&rsquo;\u00c9conomie Sociale et Solidaire (ESS).&nbsp;En p\u00e9riode post Covid, cette initiative&nbsp; innovante se [&hellip;]<\/p>\n","protected":false},"author":2,"featured_media":3067,"comment_status":"closed","ping_status":"closed","sticky":false,"template":"","format":"standard","meta":{"_et_pb_use_builder":"off","_et_pb_old_content":"","_et_gb_content_width":"","inline_featured_image":false,"footnotes":""},"categories":[133],"tags":[],"class_list":["post-2984","post","type-post","status-publish","format-standard","has-post-thumbnail","hentry","category-projets-arrimage"],"acf":[],"_links":{"self":[{"href":"https:\/\/arrimagedom.org\/en\/wp-json\/wp\/v2\/posts\/2984","targetHints":{"allow":["GET"]}}],"collection":[{"href":"https:\/\/arrimagedom.org\/en\/wp-json\/wp\/v2\/posts"}],"about":[{"href":"https:\/\/arrimagedom.org\/en\/wp-json\/wp\/v2\/types\/post"}],"author":[{"embeddable":true,"href":"https:\/\/arrimagedom.org\/en\/wp-json\/wp\/v2\/users\/2"}],"replies":[{"embeddable":true,"href":"https:\/\/arrimagedom.org\/en\/wp-json\/wp\/v2\/comments?post=2984"}],"version-history":[{"count":37,"href":"https:\/\/arrimagedom.org\/en\/wp-json\/wp\/v2\/posts\/2984\/revisions"}],"predecessor-version":[{"id":7703,"href":"https:\/\/arrimagedom.org\/en\/wp-json\/wp\/v2\/posts\/2984\/revisions\/7703"}],"wp:featuredmedia":[{"embeddable":true,"href":"https:\/\/arrimagedom.org\/en\/wp-json\/wp\/v2\/media\/3067"}],"wp:attachment":[{"href":"https:\/\/arrimagedom.org\/en\/wp-json\/wp\/v2\/media?parent=2984"}],"wp:term":[{"taxonomy":"category","embeddable":true,"href":"https:\/\/arrimagedom.org\/en\/wp-json\/wp\/v2\/categories?post=2984"},{"taxonomy":"post_tag","embeddable":true,"href":"https:\/\/arrimagedom.org\/en\/wp-json\/wp\/v2\/tags?post=2984"}],"curies":[{"name":"wp","href":"https:\/\/api.w.org\/{rel}","templated":true}]}}