{"id":1859,"date":"2017-09-24T08:00:06","date_gmt":"2017-09-24T12:00:06","guid":{"rendered":"https:\/\/arrimagedom.org\/?p=1859"},"modified":"2026-02-06T10:25:16","modified_gmt":"2026-02-06T14:25:16","slug":"go-entrepreneur-seminar-january-22-30-2017-guadeloupe","status":"publish","type":"post","link":"https:\/\/arrimagedom.org\/en\/projets-arrimage\/seminaire-go-entrepreneur-du-22-au-30-janvier-2017-guadeloupe\/","title":{"rendered":"Go Entrepreneur"},"content":{"rendered":"\n<p>[et_pb_section bb_built=\u00a0\u00bb1&Prime;][et_pb_row _builder_version=\u00a0\u00bb3.0.65&Prime; background_position_1=\u00a0\u00bbtop_left\u00a0\u00bb background_repeat_1=\u00a0\u00bbno-repeat\u00a0\u00bb background_position_2=\u00a0\u00bbtop_left\u00a0\u00bb background_repeat_2=\u00a0\u00bbno-repeat\u00a0\u00bb background_position_3=\u00a0\u00bbtop_left\u00a0\u00bb background_repeat_3=\u00a0\u00bbno-repeat\u00a0\u00bb][et_pb_column type=\u00a0\u00bb1_2&Prime;][et_pb_text _builder_version=\u00a0\u00bb3.0.65&Prime; background_layout=\u00a0\u00bblight\u00a0\u00bb text_orientation=\u00a0\u00bbleft\u00a0\u00bb border_style=\u00a0\u00bbsolid\u00a0\u00bb]<\/p>\r\n<p><strong><span style=\"color: #800000;\">Th\u00e9matiques:<\/span> <\/strong>Egalit\u00e9 Hommes\/Femmes \u2013 Genre | Entrepreneuriat<\/p>\r\n<p><strong><span style=\"color: #800000;\">Objectifs:<\/span> <\/strong>D\u00e9velopper les r\u00e9seaux et approfondir les comp\u00e9tences des responsables associatifs et animateurs de jeunesse sur les enjeux et les causes des violences envers les femmes, en les dotant d&rsquo;outils facilitant leur autonomisation \u00e9conomique, tout en renfor\u00e7ant les comp\u00e9tences transversales et l\u2019esprit entrepreneurial des femmes victimes de violences.<\/p>\r\n<p><span style=\"color: #800000;\"><strong>Publics cibles:<\/strong><\/span><\/p>\r\n<p>Acteurs professionnels (\u00e9ducateurs, p\u00e9dagogues, travailleurs sociaux, travailleurs de jeunesse) intervenant directement ou indirectement aupr\u00e8s des jeunes femmes d\u00e9savantag\u00e9es et\/ou faisant face \u00e0 des violences li\u00e9es au genre, \u00e0 la discrimination.<\/p>\r\n<p>[\/et_pb_text][\/et_pb_column][et_pb_column type=\u00a0\u00bb1_2&Prime;][et_pb_text _builder_version=\u00a0\u00bb3.0.65&Prime; background_layout=\u00a0\u00bblight\u00a0\u00bb text_orientation=\u00a0\u00bbleft\u00a0\u00bb border_style=\u00a0\u00bbsolid\u00a0\u00bb]<\/p>\r\n<p><strong><span style=\"color: #800000;\">Dur\u00e9e:<\/span> du 22 au 30 janvier 2017.<\/strong><\/p>\r\n<p><span style=\"color: #800000;\"><strong>Partenaires<\/strong><\/span><\/p>\r\n<ul>\r\n\t<li>Solidarity Tracks (Gr\u00e8ce)<\/li>\r\n\t<li>AMSED (France)<\/li>\r\n\t<li>LIDOSK (Turquie)<\/li>\r\n\t<li>NEA MTU (Estonie)<\/li>\r\n\t<li>Jarit (Espagne)<\/li>\r\n\t<li>Dance without Borders (Su\u00e8de)<\/li>\r\n\t<li>TtacD (Tunisie)<\/li>\r\n\t<li>Arrimage Good\u2019iles\u00a0(Guadeloupe)<\/li>\r\n<\/ul>\r\n<p><span style=\"color: #800000;\"><strong>Plus d\u2019informations<\/strong><\/span><\/p>\r\n<ul>\r\n\t<li><a href=\"https:\/\/www.facebook.com\/seminargoentrepreneur\/\" target=\"_blank\" rel=\"noopener\">Page Facebook du s\u00e9minaire en Guadeloupe<\/a><\/li>\r\n\t<li><a href=\"https:\/\/www.facebook.com\/groups\/360476937670144\/\" target=\"_blank\" rel=\"noopener\">Groupe Facebook du s\u00e9minaire en Guadeloupe<\/a><\/li>\r\n<\/ul>\r\n<p>[\/et_pb_text][\/et_pb_column][\/et_pb_row][et_pb_row _builder_version=\u00a0\u00bb3.0.65&Prime; background_position_1=\u00a0\u00bbtop_left\u00a0\u00bb background_repeat_1=\u00a0\u00bbno-repeat\u00a0\u00bb background_position_2=\u00a0\u00bbtop_left\u00a0\u00bb background_repeat_2=\u00a0\u00bbno-repeat\u00a0\u00bb background_position_3=\u00a0\u00bbtop_left\u00a0\u00bb background_repeat_3=\u00a0\u00bbno-repeat\u00a0\u00bb][et_pb_column type=\u00a0\u00bb4_4&Prime;][et_pb_text _builder_version=\u00a0\u00bb3.0.65&Prime; background_layout=\u00a0\u00bblight\u00a0\u00bb text_orientation=\u00a0\u00bbleft\u00a0\u00bb border_style=\u00a0\u00bbsolid\u00a0\u00bb]<\/p>\r\n<h3><a id=\"english\"><\/a>ENGLISH VERSION<\/h3>\r\n<p>This seminar, is aimed at experienced youth workers, social workers and volunteers who want to acquire key competences in promoting social inclusion processes through the professional inclusion of women, disadvantaged girls, and victims of violence. It will bring together participants from 8 different countries in Europe and the Mediterranean (France &#8211; Guadeloupe, Greece, Estonia, Sweden, Spain, Tunisia, and Turkey). The partners were chosen in terms of their skills and experience in the field of support for young women with fewer opportunities.<\/p>\r\n<h2><strong>More information<\/strong><\/h2>\r\n<ul>\r\n\t<li><a href=\"https:\/\/www.facebook.com\/seminargoentrepreneur\/\" target=\"_blank\" rel=\"noopener\">Facebook Page of the Seminar in Guadeloupe<\/a><\/li>\r\n\t<li><a href=\"https:\/\/www.facebook.com\/groups\/360476937670144\/\" target=\"_blank\" rel=\"noopener\">Facebook Group of the Seminar in Guadeloupe<\/a><\/li>\r\n<\/ul>\r\n\n\t\t<style type=\"text\/css\">\n\t\t\t#gallery-1 {\n\t\t\t\tmargin: auto;\n\t\t\t}\n\t\t\t#gallery-1 .gallery-item {\n\t\t\t\tfloat: left;\n\t\t\t\tmargin-top: 10px;\n\t\t\t\ttext-align: center;\n\t\t\t\twidth: 33%;\n\t\t\t}\n\t\t\t#gallery-1 img {\n\t\t\t\tborder: 2px solid #cfcfcf;\n\t\t\t}\n\t\t\t#gallery-1 .gallery-caption {\n\t\t\t\tmargin-left: 0;\n\t\t\t}\n\t\t\t\/* see gallery_shortcode() in wp-includes\/media.php *\/\n\t\t<\/style>\n\t\t<div id='gallery-1' class='gallery galleryid-1859 gallery-columns-3 gallery-size-medium'><dl class='gallery-item'>\n\t\t\t<dt class='gallery-icon landscape'>\n\t\t\t\t<a href='https:\/\/arrimagedom.org\/en\/projets-arrimage\/seminaire-go-entrepreneur-du-22-au-30-janvier-2017-guadeloupe\/attachment\/goentrepreneur6-web\/'><img loading=\"lazy\" decoding=\"async\" width=\"300\" height=\"200\" src=\"https:\/\/arrimagedom.org\/wp-content\/uploads\/GoEntrepreneur6-web-300x200.jpg\" class=\"attachment-medium size-medium\" alt=\"\" srcset=\"https:\/\/arrimagedom.org\/wp-content\/uploads\/GoEntrepreneur6-web-300x200.jpg 300w, https:\/\/arrimagedom.org\/wp-content\/uploads\/GoEntrepreneur6-web-768x512.jpg 768w, https:\/\/arrimagedom.org\/wp-content\/uploads\/GoEntrepreneur6-web-1024x683.jpg 1024w, https:\/\/arrimagedom.org\/wp-content\/uploads\/GoEntrepreneur6-web-1080x720.jpg 1080w\" sizes=\"(max-width: 300px) 100vw, 300px\" \/><\/a>\n\t\t\t<\/dt><\/dl><dl class='gallery-item'>\n\t\t\t<dt class='gallery-icon landscape'>\n\t\t\t\t<a href='https:\/\/arrimagedom.org\/en\/projets-arrimage\/seminaire-go-entrepreneur-du-22-au-30-janvier-2017-guadeloupe\/attachment\/goentrepreneur\/'><img loading=\"lazy\" decoding=\"async\" width=\"300\" height=\"225\" src=\"https:\/\/arrimagedom.org\/wp-content\/uploads\/GoEntrepreneur-300x225.jpg\" class=\"attachment-medium size-medium\" alt=\"\" srcset=\"https:\/\/arrimagedom.org\/wp-content\/uploads\/GoEntrepreneur-300x225.jpg 300w, https:\/\/arrimagedom.org\/wp-content\/uploads\/GoEntrepreneur-468x350.jpg 468w, https:\/\/arrimagedom.org\/wp-content\/uploads\/GoEntrepreneur-768x576.jpg 768w, https:\/\/arrimagedom.org\/wp-content\/uploads\/GoEntrepreneur-1024x768.jpg 1024w, https:\/\/arrimagedom.org\/wp-content\/uploads\/GoEntrepreneur-510x382.jpg 510w, https:\/\/arrimagedom.org\/wp-content\/uploads\/GoEntrepreneur-1080x810.jpg 1080w, https:\/\/arrimagedom.org\/wp-content\/uploads\/GoEntrepreneur.jpg 2048w\" sizes=\"(max-width: 300px) 100vw, 300px\" \/><\/a>\n\t\t\t<\/dt><\/dl><dl class='gallery-item'>\n\t\t\t<dt class='gallery-icon landscape'>\n\t\t\t\t<a href='https:\/\/arrimagedom.org\/en\/projets-arrimage\/seminaire-go-entrepreneur-du-22-au-30-janvier-2017-guadeloupe\/attachment\/goentrepreneur2\/'><img loading=\"lazy\" decoding=\"async\" width=\"300\" height=\"225\" src=\"https:\/\/arrimagedom.org\/wp-content\/uploads\/GoEntrepreneur2-300x225.jpg\" class=\"attachment-medium size-medium\" alt=\"\" srcset=\"https:\/\/arrimagedom.org\/wp-content\/uploads\/GoEntrepreneur2-300x225.jpg 300w, https:\/\/arrimagedom.org\/wp-content\/uploads\/GoEntrepreneur2-468x350.jpg 468w, https:\/\/arrimagedom.org\/wp-content\/uploads\/GoEntrepreneur2-768x576.jpg 768w, https:\/\/arrimagedom.org\/wp-content\/uploads\/GoEntrepreneur2-1024x768.jpg 1024w, https:\/\/arrimagedom.org\/wp-content\/uploads\/GoEntrepreneur2-510x382.jpg 510w, https:\/\/arrimagedom.org\/wp-content\/uploads\/GoEntrepreneur2-1080x810.jpg 1080w, https:\/\/arrimagedom.org\/wp-content\/uploads\/GoEntrepreneur2.jpg 2048w\" sizes=\"(max-width: 300px) 100vw, 300px\" \/><\/a>\n\t\t\t<\/dt><\/dl><br style=\"clear: both\" \/><dl class='gallery-item'>\n\t\t\t<dt class='gallery-icon landscape'>\n\t\t\t\t<a href='https:\/\/arrimagedom.org\/en\/projets-arrimage\/seminaire-go-entrepreneur-du-22-au-30-janvier-2017-guadeloupe\/attachment\/goentrepreneur3\/'><img loading=\"lazy\" decoding=\"async\" width=\"300\" height=\"223\" src=\"https:\/\/arrimagedom.org\/wp-content\/uploads\/GoEntrepreneur3-300x223.png\" class=\"attachment-medium size-medium\" alt=\"\" srcset=\"https:\/\/arrimagedom.org\/wp-content\/uploads\/GoEntrepreneur3-300x223.png 300w, https:\/\/arrimagedom.org\/wp-content\/uploads\/GoEntrepreneur3-468x350.png 468w, https:\/\/arrimagedom.org\/wp-content\/uploads\/GoEntrepreneur3.png 659w\" sizes=\"(max-width: 300px) 100vw, 300px\" \/><\/a>\n\t\t\t<\/dt><\/dl><dl class='gallery-item'>\n\t\t\t<dt class='gallery-icon landscape'>\n\t\t\t\t<a href='https:\/\/arrimagedom.org\/en\/projets-arrimage\/seminaire-go-entrepreneur-du-22-au-30-janvier-2017-guadeloupe\/attachment\/goentrepreneur5\/'><img loading=\"lazy\" decoding=\"async\" width=\"300\" height=\"167\" src=\"https:\/\/arrimagedom.org\/wp-content\/uploads\/GoEntrepreneur5-300x167.jpg\" class=\"attachment-medium size-medium\" alt=\"\" srcset=\"https:\/\/arrimagedom.org\/wp-content\/uploads\/GoEntrepreneur5-300x167.jpg 300w, https:\/\/arrimagedom.org\/wp-content\/uploads\/GoEntrepreneur5-768x427.jpg 768w, https:\/\/arrimagedom.org\/wp-content\/uploads\/GoEntrepreneur5-1024x569.jpg 1024w, https:\/\/arrimagedom.org\/wp-content\/uploads\/GoEntrepreneur5-1080x600.jpg 1080w, https:\/\/arrimagedom.org\/wp-content\/uploads\/GoEntrepreneur5.jpg 2021w\" sizes=\"(max-width: 300px) 100vw, 300px\" \/><\/a>\n\t\t\t<\/dt><\/dl><dl class='gallery-item'>\n\t\t\t<dt class='gallery-icon landscape'>\n\t\t\t\t<a href='https:\/\/arrimagedom.org\/en\/projets-arrimage\/seminaire-go-entrepreneur-du-22-au-30-janvier-2017-guadeloupe\/attachment\/goentreprenur7\/'><img loading=\"lazy\" decoding=\"async\" width=\"300\" height=\"225\" src=\"https:\/\/arrimagedom.org\/wp-content\/uploads\/GoEntreprenur7-300x225.jpg\" class=\"attachment-medium size-medium\" alt=\"\" srcset=\"https:\/\/arrimagedom.org\/wp-content\/uploads\/GoEntreprenur7-300x225.jpg 300w, https:\/\/arrimagedom.org\/wp-content\/uploads\/GoEntreprenur7-468x350.jpg 468w, https:\/\/arrimagedom.org\/wp-content\/uploads\/GoEntreprenur7-768x576.jpg 768w, https:\/\/arrimagedom.org\/wp-content\/uploads\/GoEntreprenur7-1024x768.jpg 1024w, https:\/\/arrimagedom.org\/wp-content\/uploads\/GoEntreprenur7-510x382.jpg 510w, https:\/\/arrimagedom.org\/wp-content\/uploads\/GoEntreprenur7-1080x810.jpg 1080w, https:\/\/arrimagedom.org\/wp-content\/uploads\/GoEntreprenur7.jpg 1600w\" sizes=\"(max-width: 300px) 100vw, 300px\" \/><\/a>\n\t\t\t<\/dt><\/dl><br style=\"clear: both\" \/><dl class='gallery-item'>\n\t\t\t<dt class='gallery-icon landscape'>\n\t\t\t\t<a href='https:\/\/arrimagedom.org\/en\/projets-arrimage\/seminaire-go-entrepreneur-du-22-au-30-janvier-2017-guadeloupe\/attachment\/goentreprenur9\/'><img loading=\"lazy\" decoding=\"async\" width=\"300\" height=\"199\" src=\"https:\/\/arrimagedom.org\/wp-content\/uploads\/GoEntreprenur9-300x199.jpg\" class=\"attachment-medium size-medium\" alt=\"\" srcset=\"https:\/\/arrimagedom.org\/wp-content\/uploads\/GoEntreprenur9-300x199.jpg 300w, https:\/\/arrimagedom.org\/wp-content\/uploads\/GoEntreprenur9-768x510.jpg 768w, https:\/\/arrimagedom.org\/wp-content\/uploads\/GoEntreprenur9-1024x680.jpg 1024w, https:\/\/arrimagedom.org\/wp-content\/uploads\/GoEntreprenur9-1080x717.jpg 1080w\" sizes=\"(max-width: 300px) 100vw, 300px\" \/><\/a>\n\t\t\t<\/dt><\/dl>\n\t\t\t<br style='clear: both' \/>\n\t\t<\/div>\n\r\n<table class=\" aligncenter\" style=\"width: 100%;\" cellpadding=\"10\">\r\n<tbody>\r\n<tr>\r\n<td>&nbsp;<\/td>\r\n<td>\r\n<p><a href=\"http:\/\/site.erasmusplus-jeunesse.fr\"><img loading=\"lazy\" decoding=\"async\" class=\"aligncenter wp-image-1713 size-medium\" src=\"https:\/\/arrimagedom.org\/wp-content\/uploads\/erasmus-jeunesseetsport-2-300x99.jpg\" alt=\"Erasmus+ | Jeunesse et Sport\" width=\"300\" height=\"99\" \/><\/a><\/p>\r\n<\/td>\r\n<td style=\"width: 25%;\">\u00a0<\/td>\r\n<\/tr>\r\n<tr>\r\n<td style=\"width: 25%;\">\u00a0<\/td>\r\n<td><em>GO ENTREPRENEUR est un projet de coop\u00e9ration cofinanc\u00e9 par l\u2019Union Europ\u00e9enne dans le cadre du programme Erasmus + Jeunesse en action &amp; Sports<\/em><\/td>\r\n<td>&nbsp;<\/td>\r\n<\/tr>\r\n<\/tbody>\r\n<\/table>\r\n<p>&nbsp;<\/p>\r\n<p>&nbsp;<\/p>\r\n<p style=\"text-align: right;\">[\/et_pb_text][\/et_pb_column][\/et_pb_row][\/et_pb_section][et_pb_section bb_built=\u00a0\u00bb1&Prime; fullwidth=\u00a0\u00bboff\u00a0\u00bb specialty=\u00a0\u00bboff\u00a0\u00bb][et_pb_row _builder_version=\u00a0\u00bb3.0.98&Prime; make_fullwidth=\u00a0\u00bbon\u00a0\u00bb][et_pb_column type=\u00a0\u00bb4_4&Prime;][et_pb_post_nav _builder_version=\u00a0\u00bb3.0.64&Prime; prev_text=\u00a0\u00bb%title\u00a0\u00bb next_text=\u00a0\u00bb%title\u00a0\u00bb in_same_term=\u00a0\u00bbon\u00a0\u00bb hide_prev=\u00a0\u00bboff\u00a0\u00bb hide_next=\u00a0\u00bboff\u00a0\u00bb border_style=\u00a0\u00bbsolid\u00a0\u00bb saved_tabs=\u00a0\u00bball\u00a0\u00bb global_module=\u00a0\u00bb1887&Prime; show_prev=\u00a0\u00bbon\u00a0\u00bb show_next=\u00a0\u00bbon\u00a0\u00bb \/][\/et_pb_column][\/et_pb_row][\/et_pb_section]<\/p>\n","protected":false},"excerpt":{"rendered":"<p>Develop networks and deepen the skills of community and youth leaders on the issues and causes of violence against women, while reinforcing the entrepreneurial spirit of women victims of violence.<\/p>","protected":false},"author":2,"featured_media":1862,"comment_status":"closed","ping_status":"open","sticky":false,"template":"","format":"standard","meta":{"_et_pb_use_builder":"on","_et_pb_old_content":"","_et_gb_content_width":"","inline_featured_image":false,"footnotes":""},"categories":[133],"tags":[21,45,20,77,69,68,70,50,44,43,22,18,74,46,76,75],"class_list":["post-1859","post","type-post","status-publish","format-standard","has-post-thumbnail","hentry","category-projets-arrimage","tag-amsed","tag-dance-without-borders","tag-erasmus","tag-espagne","tag-estonie","tag-france","tag-grece","tag-guadeloupe","tag-jarit","tag-lidosk","tag-nea-mtu","tag-solidarity-tracks","tag-suede","tag-ttacd","tag-tunisie","tag-turquie"],"acf":[],"_links":{"self":[{"href":"https:\/\/arrimagedom.org\/en\/wp-json\/wp\/v2\/posts\/1859","targetHints":{"allow":["GET"]}}],"collection":[{"href":"https:\/\/arrimagedom.org\/en\/wp-json\/wp\/v2\/posts"}],"about":[{"href":"https:\/\/arrimagedom.org\/en\/wp-json\/wp\/v2\/types\/post"}],"author":[{"embeddable":true,"href":"https:\/\/arrimagedom.org\/en\/wp-json\/wp\/v2\/users\/2"}],"replies":[{"embeddable":true,"href":"https:\/\/arrimagedom.org\/en\/wp-json\/wp\/v2\/comments?post=1859"}],"version-history":[{"count":15,"href":"https:\/\/arrimagedom.org\/en\/wp-json\/wp\/v2\/posts\/1859\/revisions"}],"predecessor-version":[{"id":7706,"href":"https:\/\/arrimagedom.org\/en\/wp-json\/wp\/v2\/posts\/1859\/revisions\/7706"}],"wp:featuredmedia":[{"embeddable":true,"href":"https:\/\/arrimagedom.org\/en\/wp-json\/wp\/v2\/media\/1862"}],"wp:attachment":[{"href":"https:\/\/arrimagedom.org\/en\/wp-json\/wp\/v2\/media?parent=1859"}],"wp:term":[{"taxonomy":"category","embeddable":true,"href":"https:\/\/arrimagedom.org\/en\/wp-json\/wp\/v2\/categories?post=1859"},{"taxonomy":"post_tag","embeddable":true,"href":"https:\/\/arrimagedom.org\/en\/wp-json\/wp\/v2\/tags?post=1859"}],"curies":[{"name":"wp","href":"https:\/\/api.w.org\/{rel}","templated":true}]}}